{"id":149,"date":"2025-05-06T08:18:04","date_gmt":"2025-05-06T06:18:04","guid":{"rendered":"https:\/\/www.lucni-kviti.cz\/?p=149"},"modified":"2025-05-09T21:11:49","modified_gmt":"2025-05-09T19:11:49","slug":"jak-si-vybrat-pivonku","status":"publish","type":"post","link":"https:\/\/www.lucni-kviti.cz\/?p=149","title":{"rendered":"Jak (si) vybrat pivo\u0148ku"},"content":{"rendered":"\n<p>\u010cas pivon\u011bk je t\u00e9m\u011b\u0159 za dve\u0159mi. Pokud byste si r\u00e1di po\u0159\u00eddili na zahradu tyto kr\u00e1sky s&nbsp;nad\u00fdchan\u00fdmi spodni\u010dkami a v\u00e1h\u00e1te, kterou zvolit, m\u011bla bych tady p\u00e1r praktick\u00fdch tip\u016f.<br>Pivon\u011bk je asi 35 druh\u016f a spooousta kultivar\u016f. Jsou to vytrval\u00e9 byliny, ke\u0159e nebo poloke\u0159e. Nebudu v\u016fbec zach\u00e1zet do botanick\u00fdch podrobnost\u00ed, proto\u017ee ty si ka\u017ed\u00fd vyhled\u00e1 na Wikipedii, ale budu to br\u00e1t \u010dist\u011b z&nbsp;hlediska \u010dlov\u011bka, kter\u00fd si prost\u011b chce po\u0159\u00eddit pivo\u0148ku a v&nbsp;t\u00e9 plej\u00e1d\u011b barev a druh\u016f nev\u00ed, kter\u00fd druh \u010di odr\u016fdu zvolit.<br>Kdy\u017e to tedy vezmu takto zjednodu\u0161en\u011b, tak asi hlavn\u00ed je rozhodnout se, zda chcete pivo\u0148ku \u201epouze\u201c jako okrasu v&nbsp;zahrad\u011b, nebo jestli byste krom\u011b toho i cht\u011bli pivo\u0148\u010d\u00ed kv\u011bty i \u0159ezat do v\u00e1zy.<br>V prvn\u00edm p\u0159\u00edpad\u011b m\u016f\u017eete s\u00e1hnout po ke\u0159ovit\u00fdch pivo\u0148k\u00e1ch (<em>Paeonia suffruticosa<\/em>). Jak u\u017e n\u00e1zev s\u00e1m \u0159\u00edk\u00e1, jde o ke\u0159. Pom\u011brn\u011b impozantn\u00ed ke\u0159 \u2013 dor\u016fst\u00e1 \u0161\u00ed\u0159ky i v\u00fd\u0161ky a\u017e 2 metry, to na zahrad\u011b opravdu nep\u0159ehl\u00e9dnete \u2013 obzvl\u00e1\u0161\u0165 a\u017e v dubnu \u010di kv\u011btnu rozkvete velik\u00e1nsk\u00fdmi b\u00edl\u00fdmi, r\u016f\u017eov\u00fdmi, \u010derven\u00fdmi nebo i nazelenal\u00fdmi kv\u011bty. Kv\u011bty mohou b\u00fdt jednoduch\u00e9, polopln\u00e9 i pln\u00e9. Na zimu ke\u0159 sice shod\u00ed listy, ale je\u0161t\u011b p\u0159edt\u00edm v\u00e1s pot\u011b\u0161\u00ed kr\u00e1sn\u00fdm podzimn\u00edm zbarven\u00edm. Tyto celkov\u011b b\u00e1je\u010dn\u00e9 vlastnosti ov\u0161em vyva\u017euje jist\u00e9 ALE: kv\u011bty ke\u0159ovit\u00fdch pivon\u011bk nejsou v\u016fbec vhodn\u00e9 do v\u00e1zy. Nevydr\u017e\u00ed a velmi brzy opadaj\u00ed. <br>Pokud tedy chcete pivo\u0148ky pro kv\u011bty do kytic, po\u0159i\u010fte si klasick\u00e9 bylinn\u00e9 plnokv\u011bt\u00e9 \u201ebabi\u010dkovsk\u00e9\u201c pivo\u0148ky (<em>Paeonia lactiflora<\/em>). Kytice z&nbsp;nich jsou n\u00e1dhern\u00e9, jdou uv\u00e1zat mal\u00e9 i obrovsk\u00e9, omamn\u011b von\u00ed, kdy\u017e se spr\u00e1vn\u011b u\u0159e\u017eou, vydr\u017e\u00ed a\u017e t\u00fdden a asi nezn\u00e1m nikoho, komu by se nel\u00edbily\u2026<br>Jsou to ale rostliny pro trp\u011bliv\u00e9: p\u0159esazov\u00e1n\u00ed obecn\u011b nemaj\u00ed r\u00e1dy a po vysazen\u00ed trv\u00e1 n\u011bkdy i p\u00e1r let, ne\u017e v\u016fbec za\u010dnou kv\u00e9st. Ka\u017edop\u00e1dn\u011b velmi doporu\u010duji strategii \u201eNe\u010dekat\u201c &#8211; a koupit sice mnohem dra\u017e\u0161\u00ed, ale ji\u017e velikou pivo\u0148ku. T\u00edm \u201evelikou\u201c mysl\u00edm to, \u017ee bude m\u00edt kv\u011btin\u00e1\u010d o pr\u016fm\u011bru men\u0161\u00edho k\u00fdble a solidn\u00ed v\u00e1hy. Zaplat\u00edte sice m\u00edsto des\u00edtek korun a\u017e stokoruny t\u0159eba p\u011btistovku i tis\u00edcovku, ale u\u0161et\u0159\u00edte si i t\u0159i roky \u010dek\u00e1n\u00ed na kv\u011bty. A nav\u00edc, kdy\u017e se do zahradnictv\u00ed vyprav\u00edte ve vhodnou dobu (kter\u00e1 u\u017e t\u00e9m\u011b\u0159 nastala), uvid\u00edte v\u011bt\u0161inou tyto ji\u017e n\u011bkolik let rostl\u00e9 pivo\u0148ky u\u017e i kv\u00e9st \u2013 a hned v\u00edte, jestli je to \u201eta va\u0161e\u201c nebo ne.<br>Je\u0161t\u011b bych hned na za\u010d\u00e1tek m\u011bla \u0159\u00edct, \u017ee p\u0159es snahu pou\u017e\u00edt do p\u0159\u00edsp\u011bvku svoje fotky to nakonec ne\u0161lo. Tento p\u0159\u00edsp\u011bvek mne toti\u017e napadlo napsat a\u017e letos na ja\u0159e, po dotazu svoj\u00ed zn\u00e1m\u00e9, a tedy n\u011bkter\u00e9 odr\u016fdy m\u00e1m z&nbsp;d\u0159\u00edv\u011bj\u0161ka vyfocen\u00e9 jen v&nbsp;kytic\u00edch a tak by to bylo s&nbsp;popiskem \u201eTa o kter\u00e9 zrovna p\u00ed\u0161u, je v&nbsp;t\u00e9 kytici p\u00e1t\u00e1 shora zleva\u201c. Kdybych je fotila letos, a\u017e pokvetou, u\u017e by to bylo pozd\u011b. Fotky jsem si tedy p\u016fj\u010dila z&nbsp;e-shop\u016f zahradnictv\u00ed Spomy\u0161l a Lukon Bulbs. T\u00edmto jim nechci d\u011blat n\u011bjakou systematickou reklamu, ale prost\u011b m\u011bli hezk\u00e9 fotky a snad by jim nemuselo vadit, \u017ee je tady uvedu.<\/p>\n\n\n\n<p>A po kter\u00fdch tedy s\u00e1hnout jm\u00e9nech mezi bylinn\u00fdmi pivo\u0148kami?<br>Tak tady u\u017e se rozhoduje jen podle barvy. A proto\u017ee je to \u010dl\u00e1nek, kter\u00fd v\u00e1m m\u00e1 v\u00fdb\u011br zjednodu\u0161it, rovnou vynech\u00e1m barvy \u017elut\u00e9 a zelen\u00e9 a z\u016fstanu u klasick\u00fdch t\u0159\u00ed barev \u2013 b\u00edl\u00e9, r\u016f\u017eov\u00e9 a tmav\u011b \u010derveno-v\u00ednov\u00e9.<\/p>\n\n\n\n<p>Nejn\u011b\u017en\u011bj\u0161\u00ed b\u00edl\u00e1 je st\u00e1licemi svatebn\u00edch kytic, z\u00e1\u0159iv\u00e1 a p\u0159itom decentn\u00ed. Rozhodn\u011b ne nudn\u00e1. Za nev\u011bstou se tak\u00e9 oto\u010d\u00edte, p\u0159esto (proto\u2026?) \u017ee m\u00e1 b\u00edl\u00e9 \u0161aty \ud83d\ude09<\/p>\n\n\n\n<p>Do kytic se pou\u017e\u00edv\u00e1 <strong>Duchesse de Nemours<\/strong>, ale na m\u011b je pon\u011bkud \u201e\u0159\u00eddk\u00e1\u201c.<\/p>\n\n\n\n<figure class=\"wp-block-image size-full\"><img loading=\"lazy\" decoding=\"async\" width=\"729\" height=\"600\" src=\"https:\/\/www.lucni-kviti.cz\/wp-content\/uploads\/2025\/05\/duchesse-de-nemours.webp\" alt=\"\" class=\"wp-image-141\" srcset=\"https:\/\/www.lucni-kviti.cz\/wp-content\/uploads\/2025\/05\/duchesse-de-nemours.webp 729w, https:\/\/www.lucni-kviti.cz\/wp-content\/uploads\/2025\/05\/duchesse-de-nemours-300x247.webp 300w\" sizes=\"auto, (max-width: 729px) 100vw, 729px\" \/><\/figure>\n\n\n\n<figure class=\"wp-block-image size-full\"><img loading=\"lazy\" decoding=\"async\" width=\"1024\" height=\"768\" src=\"https:\/\/www.lucni-kviti.cz\/wp-content\/uploads\/2025\/05\/duchesse_de_nemorous_1.webp\" alt=\"\" class=\"wp-image-140\" srcset=\"https:\/\/www.lucni-kviti.cz\/wp-content\/uploads\/2025\/05\/duchesse_de_nemorous_1.webp 1024w, https:\/\/www.lucni-kviti.cz\/wp-content\/uploads\/2025\/05\/duchesse_de_nemorous_1-300x225.webp 300w, https:\/\/www.lucni-kviti.cz\/wp-content\/uploads\/2025\/05\/duchesse_de_nemorous_1-768x576.webp 768w\" sizes=\"auto, (max-width: 1024px) 100vw, 1024px\" \/><\/figure>\n\n\n\n<p>M\u016fj favorit mezi b\u00edl\u00fdmi pivo\u0148kami do kytic je toti\u017e <strong>Bowl of Cream<\/strong>. Je opravdu n\u00e1dhern\u00e1, nav\u00edc okv\u011btn\u00ed pl\u00e1tky jsou na okraj\u00edch vykrajovan\u00e9, co\u017e kv\u011bt\u016fm dod\u00e1v\u00e1 je\u0161t\u011b romanti\u010dt\u011bj\u0161\u00ed a nad\u00fdchan\u011bj\u0161\u00ed vzhled.<\/p>\n\n\n\n<figure class=\"wp-block-image size-full\"><img loading=\"lazy\" decoding=\"async\" width=\"1024\" height=\"768\" src=\"https:\/\/www.lucni-kviti.cz\/wp-content\/uploads\/2025\/05\/bowl_of_cream.webp\" alt=\"\" class=\"wp-image-137\" srcset=\"https:\/\/www.lucni-kviti.cz\/wp-content\/uploads\/2025\/05\/bowl_of_cream.webp 1024w, https:\/\/www.lucni-kviti.cz\/wp-content\/uploads\/2025\/05\/bowl_of_cream-300x225.webp 300w, https:\/\/www.lucni-kviti.cz\/wp-content\/uploads\/2025\/05\/bowl_of_cream-768x576.webp 768w\" sizes=\"auto, (max-width: 1024px) 100vw, 1024px\" \/><\/figure>\n\n\n\n<p>Velmi, ale velmi romantick\u00e1 je samoz\u0159ejm\u011b r\u016f\u017eov\u00e1. Ta m\u00e1 ale v\u00edce odst\u00edn\u016f, tak\u017ee m\u016f\u017eete volit mez\u00ed sv\u011btlounkou r\u016f\u017eovou, r\u016f\u017eovo \u2013 b\u00edlou \u010di tmav\u0161\u00edm odst\u00ednem r\u016f\u017eov\u00e9, kter\u00fd je u\u017e t\u0159eba na svatebn\u00ed kytici mo\u017en\u00e1 p\u0159\u00edli\u0161 v\u00fdrazn\u00fd. A jm\u00e9na?<br>Tady je samoz\u0159ejm\u011b nejv\u011bt\u0161\u00edm favoritem <strong>Sarah Bernhardt<\/strong>. Nejpivo\u0148kovat\u011bj\u0161\u00ed pivo\u0148ka mezi v\u0161emi, svatebn\u00ed klasika, romantika s&nbsp;velk\u00fdm R. Stejn\u011b jako b\u00edl\u00e1 kolegyn\u011b Bowl of Cream m\u00e1 i Sarah vykrajovan\u00e9 konce okv\u011btn\u00edch pl\u00e1tk\u016f, v&nbsp;kombinaci se sv\u011btlounkou r\u016f\u017eovou barvou je to prost\u011b neodolateln\u00fd kv\u011bt. Posu\u010fte sami\u2026<\/p>\n\n\n\n<figure class=\"wp-block-image size-full\"><img loading=\"lazy\" decoding=\"async\" width=\"1024\" height=\"768\" src=\"https:\/\/www.lucni-kviti.cz\/wp-content\/uploads\/2025\/05\/sarah_bernhardt.webp\" alt=\"\" class=\"wp-image-143\" srcset=\"https:\/\/www.lucni-kviti.cz\/wp-content\/uploads\/2025\/05\/sarah_bernhardt.webp 1024w, https:\/\/www.lucni-kviti.cz\/wp-content\/uploads\/2025\/05\/sarah_bernhardt-300x225.webp 300w, https:\/\/www.lucni-kviti.cz\/wp-content\/uploads\/2025\/05\/sarah_bernhardt-768x576.webp 768w\" sizes=\"auto, (max-width: 1024px) 100vw, 1024px\" \/><\/figure>\n\n\n\n<p>Z&nbsp;tmav\u0161\u00edch r\u016f\u017eov\u00fdch bych vybrala kultivar <strong>Dr. Alexander Flemming<\/strong>. Nejen z&nbsp;velik\u00e9 \u00facty ke jmenovci, kter\u00fd zachr\u00e1nil \u017eivoty mili\u00f3n\u016f lid\u00ed, ale tak\u00e9 proto, \u017ee jde mezi tmav\u0161\u00edmi odst\u00edny r\u016f\u017eov\u00e9 o jeden z&nbsp;opravdu hezk\u00fdch kultivar\u016f.<\/p>\n\n\n\n<figure class=\"wp-block-image size-full\"><img loading=\"lazy\" decoding=\"async\" width=\"1024\" height=\"768\" src=\"https:\/\/www.lucni-kviti.cz\/wp-content\/uploads\/2025\/05\/dr_alexander_flemming1.webp\" alt=\"\" class=\"wp-image-158\" srcset=\"https:\/\/www.lucni-kviti.cz\/wp-content\/uploads\/2025\/05\/dr_alexander_flemming1.webp 1024w, https:\/\/www.lucni-kviti.cz\/wp-content\/uploads\/2025\/05\/dr_alexander_flemming1-300x225.webp 300w, https:\/\/www.lucni-kviti.cz\/wp-content\/uploads\/2025\/05\/dr_alexander_flemming1-768x576.webp 768w\" sizes=\"auto, (max-width: 1024px) 100vw, 1024px\" \/><\/figure>\n\n\n\n<p>Dost\u00e1v\u00e1me se k&nbsp;barv\u011b, kter\u00e1 mezi pivo\u0148kami nen\u00ed \u00fapln\u011b klasick\u00e1, ale pokud ji po\u0159\u00edd\u00edte, bu\u010fte si jist\u00ed, \u017ee tento kultivar opravdu pra\u0161t\u00ed do o\u010d\u00ed. Jmenuje se <strong>Coral Sunset<\/strong> a asi hned uhodnete pro\u010d \ud83d\ude09<\/p>\n\n\n\n<figure class=\"wp-block-image size-full\"><img loading=\"lazy\" decoding=\"async\" width=\"1024\" height=\"768\" src=\"https:\/\/www.lucni-kviti.cz\/wp-content\/uploads\/2025\/05\/coral-sunset.webp\" alt=\"\" class=\"wp-image-138\" srcset=\"https:\/\/www.lucni-kviti.cz\/wp-content\/uploads\/2025\/05\/coral-sunset.webp 1024w, https:\/\/www.lucni-kviti.cz\/wp-content\/uploads\/2025\/05\/coral-sunset-300x225.webp 300w, https:\/\/www.lucni-kviti.cz\/wp-content\/uploads\/2025\/05\/coral-sunset-768x576.webp 768w\" sizes=\"auto, (max-width: 1024px) 100vw, 1024px\" \/><\/figure>\n\n\n\n<p>Postupn\u011b p\u0159itmavujeme a dost\u00e1v\u00e1me se k&nbsp;tmav\u011b\u2026 jak to jen nazvat? \u010cerven\u00e1 to nen\u00ed\u2026 filalov\u00e1 taky \u00fapln\u011b ne. Tak\u017ee asi v\u00ednov\u00e1 \u010di fialovo-\u010derven\u00e1\u2026? Tento odst\u00edn je takov\u00fd specifick\u00fd, do kytic opravdu hodn\u011b v\u00fdrazn\u00fd. Na svatbu by si ho vybral asi m\u00e1lokdo. Dlouh\u00e1 l\u00e9ta se mi zd\u00e1l i dost smutn\u00fd a tak\u00e9 se mi dlouh\u00e1 l\u00e9ta nepoda\u0159ilo vymyslet, s&nbsp;\u010d\u00edm tyto pivo\u0148ky zkombinovat, aby kytice nevypadala jak z&nbsp;La Traviaty. Pomohla nouze: kamar\u00e1dka nutn\u011b pot\u0159ebovala kytici a nem\u011bla jsem zrovna nic jin\u00e9ho ne\u017e tyto tmav\u00e9 pivo\u0148ky a\u2026 modr\u00e9 velkokv\u011bt\u00e9 zahradn\u00ed chrpy. Vznikla neuv\u011b\u0159iteln\u00e1 kombinace, melancholicko-romantick\u00e1, kdy\u017e se k&nbsp;tomu p\u0159idaly je\u0161t\u011b modr\u00e9 \u010dernuchy dama\u0161sk\u00e9 na odleh\u010den\u00ed objemu, vzniklo n\u011bco \u00fapln\u011b neuv\u011b\u0159iteln\u00e9ho. Tak\u017ee t\u0159eba tu m\u00e1me <strong>Adolphe Rouseau<\/strong>. Ve skute\u010dnosti je oproti fotce daleko m\u00e9n\u011b do r\u016f\u017eova a daleko v\u00edce do v\u00ednova, tak s&nbsp;t\u00edm rad\u011bji po\u010d\u00edtejte.<\/p>\n\n\n\n<figure class=\"wp-block-image size-full\"><img loading=\"lazy\" decoding=\"async\" width=\"260\" height=\"369\" src=\"https:\/\/www.lucni-kviti.cz\/wp-content\/uploads\/2025\/05\/adolphe_rouseau_1.webp\" alt=\"\" class=\"wp-image-136\" srcset=\"https:\/\/www.lucni-kviti.cz\/wp-content\/uploads\/2025\/05\/adolphe_rouseau_1.webp 260w, https:\/\/www.lucni-kviti.cz\/wp-content\/uploads\/2025\/05\/adolphe_rouseau_1-211x300.webp 211w\" sizes=\"auto, (max-width: 260px) 100vw, 260px\" \/><\/figure>\n\n\n\n<p>Nebo <strong>Red Sarah Bernhadt<\/strong>, tmav\u00e1 sestra r\u016f\u017eov\u00e9 romantick\u00e9 hrdinky. Op\u011bt \u2013 fotka trochu klame, ve skute\u010dnosti je kv\u011bt tmav\u0161\u00ed.<\/p>\n\n\n\n<figure class=\"wp-block-image size-full\"><img loading=\"lazy\" decoding=\"async\" width=\"1024\" height=\"768\" src=\"https:\/\/www.lucni-kviti.cz\/wp-content\/uploads\/2025\/05\/red-sarah_bernhardt.webp\" alt=\"\" class=\"wp-image-142\" srcset=\"https:\/\/www.lucni-kviti.cz\/wp-content\/uploads\/2025\/05\/red-sarah_bernhardt.webp 1024w, https:\/\/www.lucni-kviti.cz\/wp-content\/uploads\/2025\/05\/red-sarah_bernhardt-300x225.webp 300w, https:\/\/www.lucni-kviti.cz\/wp-content\/uploads\/2025\/05\/red-sarah_bernhardt-768x576.webp 768w\" sizes=\"auto, (max-width: 1024px) 100vw, 1024px\" \/><\/figure>\n\n\n\n<p>V&nbsp;ka\u017ed\u00e9 barv\u011b samoz\u0159ejm\u011b existuj\u00ed des\u00edtky i v\u00edce z\u00e1stupc\u016f, ne\u017e jsem zde vybrala. A tak\u00e9 jsou i pivo\u0148ky barvy \u017elut\u00e9 \u010di nazelenal\u00e9, jak u\u017e jsem zm\u00ednila, pivo\u0148ky s&nbsp;jednoduch\u00fdmi kv\u011bty\u2026 Ale to bychom se zase vr\u00e1tili na za\u010d\u00e1tek \u2013 k&nbsp;v\u00e1h\u00e1n\u00ed, kterou variantu vybrat z&nbsp;t\u00e9 p\u0159ehr\u0161le mo\u017enost\u00ed. S jin\u00fdmi barvami a kultivary nav\u00edc nem\u00e1m osobn\u00ed zku\u0161enosti. Z&nbsp;odr\u016fd, kter\u00e9 jsem zde v&nbsp;p\u0159\u00edsp\u011bvku vyjmenovala, m\u00e1m v\u011bt\u0161inu p\u0159\u00edmo na zahrad\u011b, nebo jsem z&nbsp;nich aspo\u0148 v\u00e1zala kytici, tak\u017ee fyzicky v\u00edm, o co jde a \u017ee to jde. Pokud nahl\u00e9dnete do Galerie, p\u00e1r pivo\u0148kov\u00fdch kytic tam najdete.<\/p>\n\n\n\n<p>Tak p\u0159eji \u00fasp\u011b\u0161n\u00fd lov a dobr\u00fd v\u00fdb\u011br&nbsp; \ud83d\ude0a<\/p>\n\n\n\n<p>Jak pivo\u0148ku zasadit a p\u011bstovat, to se pokus\u00edm stihnout napsat, ne\u017e se vr\u00e1t\u00edte dom\u016f s&nbsp;\u00falovkem ze zahradnictv\u00ed. Schv\u00e1ln\u011b \u2013 jestlipak jste z\u016fstali jen u jedn\u00e9\u2026?<\/p>\n\n\n\n<p><\/p>\n","protected":false},"excerpt":{"rendered":"<p>\u010cas pivon\u011bk je t\u00e9m\u011b\u0159 za dve\u0159mi. Pokud byste si r\u00e1di po\u0159\u00eddili na zahradu tyto kr\u00e1sky s&nbsp;nad\u00fdchan\u00fdmi spodni\u010dkami a v\u00e1h\u00e1te, kterou zvolit, m\u011bla bych tady p\u00e1r praktick\u00fdch tip\u016f.Pivon\u011bk je asi 35 druh\u016f a spooousta kultivar\u016f. Jsou to vytrval\u00e9 byliny, ke\u0159e nebo poloke\u0159e. Nebudu v\u016fbec zach\u00e1zet do botanick\u00fdch podrobnost\u00ed, proto\u017ee ty si ka\u017ed\u00fd vyhled\u00e1 na Wikipedii, ale [&hellip;]<\/p>\n","protected":false},"author":1,"featured_media":141,"comment_status":"open","ping_status":"open","sticky":false,"template":"","format":"standard","meta":{"footnotes":""},"categories":[1],"tags":[],"class_list":["post-149","post","type-post","status-publish","format-standard","has-post-thumbnail","hentry","category-nezarazene"],"_links":{"self":[{"href":"https:\/\/www.lucni-kviti.cz\/index.php?rest_route=\/wp\/v2\/posts\/149","targetHints":{"allow":["GET"]}}],"collection":[{"href":"https:\/\/www.lucni-kviti.cz\/index.php?rest_route=\/wp\/v2\/posts"}],"about":[{"href":"https:\/\/www.lucni-kviti.cz\/index.php?rest_route=\/wp\/v2\/types\/post"}],"author":[{"embeddable":true,"href":"https:\/\/www.lucni-kviti.cz\/index.php?rest_route=\/wp\/v2\/users\/1"}],"replies":[{"embeddable":true,"href":"https:\/\/www.lucni-kviti.cz\/index.php?rest_route=%2Fwp%2Fv2%2Fcomments&post=149"}],"version-history":[{"count":9,"href":"https:\/\/www.lucni-kviti.cz\/index.php?rest_route=\/wp\/v2\/posts\/149\/revisions"}],"predecessor-version":[{"id":161,"href":"https:\/\/www.lucni-kviti.cz\/index.php?rest_route=\/wp\/v2\/posts\/149\/revisions\/161"}],"wp:featuredmedia":[{"embeddable":true,"href":"https:\/\/www.lucni-kviti.cz\/index.php?rest_route=\/wp\/v2\/media\/141"}],"wp:attachment":[{"href":"https:\/\/www.lucni-kviti.cz\/index.php?rest_route=%2Fwp%2Fv2%2Fmedia&parent=149"}],"wp:term":[{"taxonomy":"category","embeddable":true,"href":"https:\/\/www.lucni-kviti.cz\/index.php?rest_route=%2Fwp%2Fv2%2Fcategories&post=149"},{"taxonomy":"post_tag","embeddable":true,"href":"https:\/\/www.lucni-kviti.cz\/index.php?rest_route=%2Fwp%2Fv2%2Ftags&post=149"}],"curies":[{"name":"wp","href":"https:\/\/api.w.org\/{rel}","templated":true}]}}